{"id":4572,"date":"2024-11-11T09:55:21","date_gmt":"2024-11-11T09:55:21","guid":{"rendered":"https:\/\/www.emmi.fi\/alla-kan-skapa-visuellt-innehall-med-emmi-create\/"},"modified":"2025-10-08T08:33:34","modified_gmt":"2025-10-08T08:33:34","slug":"alla-kan-skapa-visuellt-innehall-med-emmi-create","status":"publish","type":"post","link":"https:\/\/www.emmi.fi\/sv\/alla-kan-skapa-visuellt-innehall-med-emmi-create\/","title":{"rendered":"Alla kan skapa visuellt inneh\u00e5ll med EMMi Create"},"content":{"rendered":"\t\t<div data-elementor-type=\"wp-post\" data-elementor-id=\"4572\" class=\"elementor elementor-4572 elementor-4512\" data-elementor-post-type=\"post\">\n\t\t\t\t<div class=\"elementor-element elementor-element-981b38 e-flex e-con-boxed e-con e-parent\" data-id=\"981b38\" data-element_type=\"container\">\n\t\t\t\t\t<div class=\"e-con-inner\">\n\t\t\t\t<div class=\"elementor-element elementor-element-307d5d13 elementor-widget elementor-widget-text-editor\" data-id=\"307d5d13\" data-element_type=\"widget\" data-widget_type=\"text-editor.default\">\n\t\t\t\t<div class=\"elementor-widget-container\">\n\t\t\t\t\t\t\t\t\t<p>EMMi Create \u00e4r ett effektivt verktyg f\u00f6r att skapa visuellt inneh\u00e5ll utan kunskaper eller utbildning i grafisk design. Med hj\u00e4lp av EMMi Create kan anv\u00e4ndarna skapa eget material alltid enligt behov f\u00f6r exempelvis digitala sk\u00e4rmar p\u00e5 ett verksamhetsst\u00e4lle, sociala medier och broschyrer. EMMi Create \u00e4r helt integrerat i EMMi Materialhantering. Vi fr\u00e5gade produktexperten Pyry Kunnas vad den nya egenskapen omfattar.<\/p>\n<h2><strong>Vad m\u00f6jligg\u00f6r <\/strong><strong>EMMi Create?<\/strong><\/h2>\n<p>Med EMMi Create avses dynamiska materialmallar som har skapats enligt ditt varum\u00e4rke och vars textinneh\u00e5ll och grafiska element anv\u00e4ndarna kan redigera.<\/p>\n<p>\u201dMed hj\u00e4lp av tj\u00e4nsten kan anv\u00e4ndarna skapa eget material f\u00f6r exempelvis reklam, sociala medier eller intern kommunikation \u2013 alltid med beaktande av f\u00f6retagets egna varum\u00e4rkesf\u00e4rger och stilanvisningar\u201d, f\u00f6rklarar Pyry.<\/p>\n<p>Viktiga funktioner i tj\u00e4nsten inkluderar bland annat:<\/p>\n<ul>\n<li><strong>Anv\u00e4ndarv\u00e4nliga redigeringsverktyg:<\/strong>&nbsp; Det intuitiva gr\u00e4nssnittet g\u00f6r det m\u00f6jligt att redigera f\u00e4rger, fonter, logotyper och bilder i enlighet med organisationens varum\u00e4rkesanvisning.<\/li>\n<li><strong>F\u00f6rinst\u00e4llda varum\u00e4rkesmallar:<\/strong>&nbsp; Redigerbara mallar som skapats enligt varum\u00e4rket garanterar att allt material som skapas i editorn \u00e4r i linje med organisationens visuella profil.<\/li>\n<li><strong>F\u00e4rdiga grafiska element:<\/strong>&nbsp; Tj\u00e4nsten har integrerats i mediebanken, vilket m\u00f6jligg\u00f6r l\u00e4tt hantering av bilder, ikoner och grafiskt material som anv\u00e4nds i editorn.<\/li>\n<li><strong>Anv\u00e4ndning av metadata:&nbsp;<\/strong> Tack vare tj\u00e4nsten som \u00e4r integrerad i EMMi Mediebank kan du i mallarna i EMMi Create automatiskt anv\u00e4nda exempelvis de pris- och produktuppgifter som sparats i materialens metadata i mediebanken.<\/li>\n<\/ul>\n<p>\u201dDet \u00e4r m\u00f6jligt att \u00f6verf\u00f6ra material som skapats med EMMi Create tillbaka fr\u00e5n editorn till mediebanken och spara det d\u00e4r eller ladda ner det till anv\u00e4ndarens dator. Webbtj\u00e4nsten \u00e4r alltid tillg\u00e4nglig n\u00e4r man f\u00e5r behov av att skapa n\u00e5got\u201d, ber\u00e4ttar Pyry och l\u00e4gger till:<\/p>\n<p>\u201dEn viktig funktion som g\u00f6r det enklare att anv\u00e4nda tj\u00e4nsten \u00e4r att man kan begr\u00e4nsa m\u00f6jligheterna att redigera enskilda mallar. Genom att rensa bort on\u00f6diga redigeringsfunktioner i editorn blir slutanv\u00e4ndaren inte f\u00f6rvirrad av m\u00e4ngden alternativ. Materialmallen kan vara mycket enkel, av standardstorlek och ha l\u00e5sta grafiska element. Men det \u00e4r ocks\u00e5 m\u00f6jligt att redigera mallar mer dynamiskt n\u00e4r det g\u00e4ller exempelvis materialets storlek och element.\u201d<\/p>\n<h2><strong>Redigerbara materialmallar g\u00f6r vardagen l\u00e4ttare<\/strong><\/h2>\n<p>Pyry ber\u00e4ttar att det finns m\u00e5nga f\u00f6rdelar f\u00f6r organisationen med att anv\u00e4nda redigerbara materialmallar:<\/p>\n<ol>\n<li><strong>Man sparar tid och resurser<\/strong>: Professionella designers arbetsinsats kan riktas till mer kr\u00e4vande projekt, n\u00e4r enklare material kan produceras l\u00e4tt i materialeditorn.<\/li>\n<li><strong>Snabbare respons och mer flexibilitet<\/strong>: Marknadsf\u00f6ringsmaterial, skyltar eller inneh\u00e5ll f\u00f6r sociala medier kan produceras exakt n\u00e4r de beh\u00f6vs, utan att beh\u00f6va v\u00e4nta p\u00e5 att en designer har tid f\u00f6r det.<\/li>\n<li><strong>Det f\u00f6rb\u00e4ttrar varum\u00e4rkets enhetlighet<\/strong>: Material som produceras med egna materialmallar \u00e4r alltid enhetliga med f\u00f6retagets varum\u00e4rke, oberoende av vem inom organisationen som g\u00f6r dem.<\/li>\n<\/ol>\n<p>\u201dVerktyget \u00e4r ocks\u00e5 l\u00e4tt att anv\u00e4nda. Som sagt beh\u00f6ver du inte grafisk kompetens f\u00f6r det\u201d, sammanfattar Pyry.<\/p>\n<h2><strong>Vem \u00e4r EMMi Create avsett f\u00f6r?<\/strong><\/h2>\n<p>Tj\u00e4nsten \u00e4r till nytta f\u00f6r alla organisationer d\u00e4r uppgifterna inom kommunikation och marknadsf\u00f6ring \u00e4r decentraliserade. Redigerbara mallar ger effektivitet och enhetlighet i kommunikationen i synnerhet i st\u00f6rre organisationer d\u00e4r exempelvis regionala akt\u00f6rer eller team sj\u00e4lvst\u00e4ndigt ansvarar f\u00f6r lokala marknadsf\u00f6ringskampanjer.&nbsp;<\/p>\n<p>\u201dEMMi Create l\u00e4mpar sig f\u00f6r alla organisationer som vill producera mer h\u00f6gklassigt visuellt material p\u00e5 ett mer flexibelt och resurseffektivt s\u00e4tt\u201d, s\u00e4ger Pyry.<\/p>\n<h2><strong>Smidig och enkel visuell kommunikation<\/strong><\/h2>\n<p>EMMi Create \u00e4r ett bra exempel p\u00e5 hur EMMi Materialhantering kan anpassas m\u00e5ngsidigt till olika behov.<\/p>\n<p>\u201dMed materialeditorn som integreras i mediebanken kan du underl\u00e4tta din vardag och g\u00f6ra din organisation mer kreativ p\u00e5 alla niv\u00e5er. Det \u00e4r inte bara effektivt, utan ocks\u00e5 inspirerande att se hur enkelt EMMi Create kan anv\u00e4ndas f\u00f6r att skapa visuellt effektfullt inneh\u00e5ll som st\u00f6der f\u00f6retagets kommunikation och varum\u00e4rke i alla situationer\u201d, s\u00e4ger Pyry avslutningsvis.<\/p>\n<p>Se inspelningen om de nya egenskaperna i EMMi Materialhantering f\u00f6r mer information om EMMi Create!<\/p>\n<p><a href=\"https:\/\/www.grano.fi\/katso-webinaaritallenne-uutuuksia-emmi-aineistonhallinnassa\">L\u00e4nk till inspelningen<\/a>!<\/p>\n\t\t\t\t\t\t\t\t<\/div>\n\t\t\t\t<\/div>\n\t\t\t\t\t<\/div>\n\t\t\t\t<\/div>\n\t\t<div class=\"elementor-element elementor-element-ef596bd e-flex e-con-boxed e-con e-parent\" data-id=\"ef596bd\" data-element_type=\"container\">\n\t\t\t\t\t<div class=\"e-con-inner\">\n\t\t\t\t<div class=\"elementor-element elementor-element-539a0f9 elementor-widget elementor-widget-text-editor\" data-id=\"539a0f9\" data-element_type=\"widget\" data-widget_type=\"text-editor.default\">\n\t\t\t\t<div class=\"elementor-widget-container\">\n\t\t\t\t\t\t\t\t\t<p><a href=\"https:\/\/www.grano.fi\/cs\/c\/?cta_guid=a616e0b9-2b5c-4a11-91e3-c27225f4267d&amp;signature=AHFS_au-ut3dkzt9xHskPOfyk5HuusAkiw&amp;pageId=83782850714&amp;placement_guid=4a364bb5-54c6-49a8-8de2-a2eb896cc75a&amp;click=5e1aedd5-87dc-4ae2-8a52-21892bcbc650&amp;hsutk=39da0a6d42e96b0beeb21ae9f25f2ec4&amp;canon=https%3A%2F%2Fwww.grano.fi%2Freferenssit%2Fvalio-sidosryhmineen-kayttaa-granon-emmi-aineistonhallintaa-yhteisena-tyopoytanaan&amp;portal_id=524565&amp;redirect_url=AD7p6W9acCUmBuV7xAxjJbLWaWETP3-lNlNWKOhtTnwm8YTK8xIPlROIduo5fYB4_jJpSjWIzrbchwB5lYIRNZ9WkPNMiQuJmJH07cjKxQdnBUcN6MVlsZYl7Ywhi90ku7VZ9Ronbl4yoLyTUhKSkgH4H5zd0FsEErFH6FStWa-v9iGV8ONWbrZGWgvCy1ggV_80X2H-AKXfn-PIoxc4nyq2wk9AfN5Mu3XMhn1_lUi_MDmgITXJmAxaSe7BqOY0UyWoD9ieS3mw&amp;__hstc=62198387.39da0a6d42e96b0beeb21ae9f25f2ec4.1709629358074.1709808391352.1709883744385.7&amp;__hssc=62198387.3.1709883744385&amp;__hsfp=1819254500&amp;contentType=blog-post\">Kontakta oss<\/a><\/p>\n\t\t\t\t\t\t\t\t<\/div>\n\t\t\t\t<\/div>\n\t\t\t\t\t<\/div>\n\t\t\t\t<\/div>\n\t\t\t\t<\/div>\n\t\t","protected":false},"excerpt":{"rendered":"<p>EMMi Create \u00e4r ett effektivt verktyg f\u00f6r att skapa visuellt inneh\u00e5ll utan kunskaper eller utbildning i grafisk design. Med hj\u00e4lp av EMMi Create kan anv\u00e4ndarna skapa eget material alltid enligt behov f\u00f6r exempelvis digitala sk\u00e4rmar p\u00e5 ett verksamhetsst\u00e4lle, sociala medier och broschyrer. EMMi Create \u00e4r helt integrerat i EMMi Materialhantering. Vi fr\u00e5gade produktexperten Pyry Kunnas &#8230; <a title=\"Alla kan skapa visuellt inneh\u00e5ll med EMMi Create\" class=\"read-more\" href=\"https:\/\/www.emmi.fi\/sv\/alla-kan-skapa-visuellt-innehall-med-emmi-create\/\" aria-label=\"L\u00e4s mer om Alla kan skapa visuellt inneh\u00e5ll med EMMi Create\">L\u00e4s mer<\/a><\/p>\n","protected":false},"author":2,"featured_media":4573,"comment_status":"closed","ping_status":"closed","sticky":false,"template":"","format":"standard","meta":{"footnotes":""},"categories":[1],"tags":[],"class_list":["post-4572","post","type-post","status-publish","format-standard","has-post-thumbnail","hentry","category-blogi"],"_links":{"self":[{"href":"https:\/\/www.emmi.fi\/sv\/wp-json\/wp\/v2\/posts\/4572","targetHints":{"allow":["GET"]}}],"collection":[{"href":"https:\/\/www.emmi.fi\/sv\/wp-json\/wp\/v2\/posts"}],"about":[{"href":"https:\/\/www.emmi.fi\/sv\/wp-json\/wp\/v2\/types\/post"}],"author":[{"embeddable":true,"href":"https:\/\/www.emmi.fi\/sv\/wp-json\/wp\/v2\/users\/2"}],"replies":[{"embeddable":true,"href":"https:\/\/www.emmi.fi\/sv\/wp-json\/wp\/v2\/comments?post=4572"}],"version-history":[{"count":11,"href":"https:\/\/www.emmi.fi\/sv\/wp-json\/wp\/v2\/posts\/4572\/revisions"}],"predecessor-version":[{"id":4760,"href":"https:\/\/www.emmi.fi\/sv\/wp-json\/wp\/v2\/posts\/4572\/revisions\/4760"}],"wp:featuredmedia":[{"embeddable":true,"href":"https:\/\/www.emmi.fi\/sv\/wp-json\/wp\/v2\/media\/4573"}],"wp:attachment":[{"href":"https:\/\/www.emmi.fi\/sv\/wp-json\/wp\/v2\/media?parent=4572"}],"wp:term":[{"taxonomy":"category","embeddable":true,"href":"https:\/\/www.emmi.fi\/sv\/wp-json\/wp\/v2\/categories?post=4572"},{"taxonomy":"post_tag","embeddable":true,"href":"https:\/\/www.emmi.fi\/sv\/wp-json\/wp\/v2\/tags?post=4572"}],"curies":[{"name":"wp","href":"https:\/\/api.w.org\/{rel}","templated":true}]}}